{"id":229,"date":"2020-05-05T16:16:52","date_gmt":"2020-05-05T14:16:52","guid":{"rendered":"http:\/\/aestunevache.com\/?p=229"},"modified":"2020-05-09T17:09:04","modified_gmt":"2020-05-09T15:09:04","slug":"adam-des-chevres-du-soudan-aux-vaches-ligeriennes","status":"publish","type":"post","link":"https:\/\/aestunevache.com\/?p=229","title":{"rendered":"Adam, des ch\u00e8vres du Soudan aux vaches lig\u00e9riennes"},"content":{"rendered":"<span class=\"rt-reading-time\" style=\"display: block;\"><span class=\"rt-label rt-prefix\">Temps de lecture\u00a0: <\/span> <span class=\"rt-time\">&lt;\u00a01<\/span> <span class=\"rt-label rt-postfix\">minute<\/span><\/span>\n<figure class=\"wp-block-image\"><img decoding=\"async\" src=\"https:\/\/www.agri44.fr\/bibliotheque_image\/adam.jpg\" alt=\"\"\/><figcaption>\u00a9Catherine Perrot<br><\/figcaption><\/figure>\n\n\n\n<p>A<strong> <\/strong>Nantes, le service orientation de la chambre d\u2019agriculture cherche \u00e0 attirer des publics demandeurs d\u2019emploi vers les m\u00e9tiers agricoles. Parmi ces demandeurs d\u2019emploi se trouvent des personnes r\u00e9fugi\u00e9es, qui se montrent souvent tr\u00e8s motiv\u00e9es. Un &lsquo;public&rsquo; nouveau, souvent non francophone, qui n\u00e9cessite un accompagnement sp\u00e9cifique. Mais une vraie chance pour une agriculture en manque de salari\u00e9s ! <a href=\"https:\/\/www.agri44.fr\/loire-atlantique-adam-des-chevres-du-soudan-aux-vaches-ligeriennes-actualite-numero-13613.php\">Continuer la lecture&#8230;<\/a><\/p>\n\n\n\n<p><br><\/p>\n","protected":false},"excerpt":{"rendered":"<p><span class=\"rt-reading-time\" style=\"display: block;\"><span class=\"rt-label rt-prefix\">Temps de lecture\u00a0: <\/span> <span class=\"rt-time\">&lt;\u00a01<\/span> <span class=\"rt-label rt-postfix\">minute<\/span><\/span> A Nantes, le service orientation de la chambre d\u2019agriculture cherche \u00e0 attirer des publics demandeurs d\u2019emploi vers les m\u00e9tiers agricoles. Parmi ces demandeurs d\u2019emploi se trouvent des personnes r\u00e9fugi\u00e9es, qui se montrent souvent tr\u00e8s motiv\u00e9es. Un &lsquo;public&rsquo; nouveau, souvent non francophone, qui n\u00e9cessite un accompagnement sp\u00e9cifique. Mais une vraie chance pour une agriculture en manque [&hellip;]<\/p>\n","protected":false},"author":1,"featured_media":0,"comment_status":"open","ping_status":"open","sticky":false,"template":"","format":"standard","meta":{"footnotes":""},"categories":[20],"tags":[27,28,29,31,30],"class_list":["post-229","post","type-post","status-publish","format-standard","hentry","category-articles-de-presse-agricole","tag-emploi","tag-formation","tag-refugies","tag-salariat-agricole","tag-soudan"],"_links":{"self":[{"href":"https:\/\/aestunevache.com\/index.php?rest_route=\/wp\/v2\/posts\/229","targetHints":{"allow":["GET"]}}],"collection":[{"href":"https:\/\/aestunevache.com\/index.php?rest_route=\/wp\/v2\/posts"}],"about":[{"href":"https:\/\/aestunevache.com\/index.php?rest_route=\/wp\/v2\/types\/post"}],"author":[{"embeddable":true,"href":"https:\/\/aestunevache.com\/index.php?rest_route=\/wp\/v2\/users\/1"}],"replies":[{"embeddable":true,"href":"https:\/\/aestunevache.com\/index.php?rest_route=%2Fwp%2Fv2%2Fcomments&post=229"}],"version-history":[{"count":3,"href":"https:\/\/aestunevache.com\/index.php?rest_route=\/wp\/v2\/posts\/229\/revisions"}],"predecessor-version":[{"id":300,"href":"https:\/\/aestunevache.com\/index.php?rest_route=\/wp\/v2\/posts\/229\/revisions\/300"}],"wp:attachment":[{"href":"https:\/\/aestunevache.com\/index.php?rest_route=%2Fwp%2Fv2%2Fmedia&parent=229"}],"wp:term":[{"taxonomy":"category","embeddable":true,"href":"https:\/\/aestunevache.com\/index.php?rest_route=%2Fwp%2Fv2%2Fcategories&post=229"},{"taxonomy":"post_tag","embeddable":true,"href":"https:\/\/aestunevache.com\/index.php?rest_route=%2Fwp%2Fv2%2Ftags&post=229"}],"curies":[{"name":"wp","href":"https:\/\/api.w.org\/{rel}","templated":true}]}}